{"id":1150,"date":"2014-09-29T16:17:03","date_gmt":"2014-09-29T16:17:03","guid":{"rendered":"http:\/\/www.escuela-ambrosio.cl\/portal\/?p=1150"},"modified":"2020-08-17T21:05:34","modified_gmt":"2020-08-17T21:05:34","slug":"stand-de-ramadas-en-la-escuela","status":"publish","type":"post","link":"https:\/\/www.escuela-ambrosio.cl\/portal\/stand-de-ramadas-en-la-escuela\/","title":{"rendered":"Stand de Ramadas en la Escuela"},"content":{"rendered":"<h2 style=\"text-align: center;\"><span style=\"color: #187bc9;\">Stand de Ramadas en la Escuela.<\/span><\/h2>\n<p style=\"text-align: justify;\">El d\u00eda Martes 16 de Septiembre de 2014 se realiz\u00f3 en nuestra Escuela una peque\u00f1a Ramada para la comunidad escolar. Estuv\u00f3 distribuida en stand donde cada curso ofreci\u00f3 alg\u00fan producto t\u00edpico, en los que destacaron: empanadas, alfajores, pajaritos, choripanes, entre otros.<\/p>\n<p>Tambi\u00e9n se hiz\u00f3 presente el stand del grupo Zero Bullying con la actividad \u00abCaritas Pintadas\u00bb, con el objetivo de motivar en los estudiantes la buena convivencia.<\/p>\n<h3 style=\"text-align: justify;\"><span style=\"color: #187bc9;\">Im\u00e1genes.<\/span><\/h3>\n<p><center><a data-flickr-embed=\"true\" href=\"https:\/\/www.flickr.com\/photos\/125208848@N05\/albums\/72157648165364532\" title=\"Stand Ramadas\"><img loading=\"lazy\" decoding=\"async\" src=\"https:\/\/live.staticflickr.com\/3872\/15206187487_5b77b87e40.jpg\" alt=\"Stand Ramadas\" width=\"500\" height=\"375\"><\/a><script async=\"\" src=\"\/\/embedr.flickr.com\/assets\/client-code.js\" charset=\"utf-8\"><\/script><\/center><\/p>\n<p>Si no pueden ver las im\u00e1genes en el recuadro de arriba, entrar <a href=\"https:\/\/www.flickr.com\/photos\/125208848@N05\/sets\/72157648165364532\/\" target=\"_blank\" rel=\"noopener noreferrer\">&lt;&lt; aqu\u00ed &gt;&gt;<\/a><\/p>\n","protected":false},"excerpt":{"rendered":"<p>Stand de Ramadas en la Escuela. El d\u00eda Martes 16 de Septiembre de 2014 se realiz\u00f3 en nuestra Escuela una peque\u00f1a Ramada para la comunidad escolar. Estuv\u00f3 distribuida en stand <a class=\"more-link\" href=\"https:\/\/www.escuela-ambrosio.cl\/portal\/stand-de-ramadas-en-la-escuela\/\">Continue Reading \u2192<\/a><\/p>\n","protected":false},"author":1,"featured_media":1151,"comment_status":"closed","ping_status":"closed","sticky":false,"template":"","format":"standard","meta":{"footnotes":""},"categories":[1],"tags":[],"class_list":["post-1150","post","type-post","status-publish","format-standard","has-post-thumbnail","hentry","category-sin-categoria"],"_links":{"self":[{"href":"https:\/\/www.escuela-ambrosio.cl\/portal\/wp-json\/wp\/v2\/posts\/1150","targetHints":{"allow":["GET"]}}],"collection":[{"href":"https:\/\/www.escuela-ambrosio.cl\/portal\/wp-json\/wp\/v2\/posts"}],"about":[{"href":"https:\/\/www.escuela-ambrosio.cl\/portal\/wp-json\/wp\/v2\/types\/post"}],"author":[{"embeddable":true,"href":"https:\/\/www.escuela-ambrosio.cl\/portal\/wp-json\/wp\/v2\/users\/1"}],"replies":[{"embeddable":true,"href":"https:\/\/www.escuela-ambrosio.cl\/portal\/wp-json\/wp\/v2\/comments?post=1150"}],"version-history":[{"count":4,"href":"https:\/\/www.escuela-ambrosio.cl\/portal\/wp-json\/wp\/v2\/posts\/1150\/revisions"}],"predecessor-version":[{"id":6075,"href":"https:\/\/www.escuela-ambrosio.cl\/portal\/wp-json\/wp\/v2\/posts\/1150\/revisions\/6075"}],"wp:featuredmedia":[{"embeddable":true,"href":"https:\/\/www.escuela-ambrosio.cl\/portal\/wp-json\/wp\/v2\/media\/1151"}],"wp:attachment":[{"href":"https:\/\/www.escuela-ambrosio.cl\/portal\/wp-json\/wp\/v2\/media?parent=1150"}],"wp:term":[{"taxonomy":"category","embeddable":true,"href":"https:\/\/www.escuela-ambrosio.cl\/portal\/wp-json\/wp\/v2\/categories?post=1150"},{"taxonomy":"post_tag","embeddable":true,"href":"https:\/\/www.escuela-ambrosio.cl\/portal\/wp-json\/wp\/v2\/tags?post=1150"}],"curies":[{"name":"wp","href":"https:\/\/api.w.org\/{rel}","templated":true}]}}