{"id":2845,"date":"2016-06-16T16:06:28","date_gmt":"2016-06-16T16:06:28","guid":{"rendered":"http:\/\/www.escuela-ambrosio.cl\/portal\/?p=2845"},"modified":"2020-08-03T19:09:24","modified_gmt":"2020-08-03T19:09:24","slug":"celebracion-semana-de-la-educacion-artistica","status":"publish","type":"post","link":"https:\/\/www.escuela-ambrosio.cl\/portal\/celebracion-semana-de-la-educacion-artistica\/","title":{"rendered":"Celebraci\u00f3n Semana de la Educaci\u00f3n Art\u00edstica"},"content":{"rendered":"<h2 style=\"text-align: center;\"><span style=\"color: #187bc9;\">Celebraci\u00f3n Semana de la Educaci\u00f3n Art\u00edstica.<\/span><\/h2>\n<p style=\"text-align: justify;\">El d\u00eda Jueves 26 de Mayo de 2016 celebramos la semana de la educaci\u00f3n art\u00edstica en nuestra Comunidad Escolar, destacando la participaci\u00f3n de todos los alumnos y profesores que participaron de diversas actividades para conmemorar la importancia del arte en la educaci\u00f3n. Este a\u00f1o bajo el lema \u201cAprende creando\u201d, los alumnos participaron y experimentaron&nbsp; con diversas disciplinas art\u00edsticas&nbsp; como&nbsp; muralismo, dise\u00f1o, teatro, malabarismo y danza; lo que result\u00f3 bastante innovador y entretenido para los ni\u00f1os y la comunidad.<\/p>\n<p style=\"text-align: justify;\">Destacar la participaci\u00f3n de 7\u00b0 y 8\u00b0 a\u00f1o b\u00e1sico quienes se prepararon con gran entusiasmo para presentar a la comunidad una muestra itinerante de algunas de las disciplinas mencionadas como danza y malabar.<\/p>\n<h3 style=\"text-align: justify;\"><span style=\"color: #187bc9;\">Im\u00e1genes.<\/span><\/h3>\n<p><center><a data-flickr-embed=\"true\" href=\"https:\/\/www.flickr.com\/photos\/125208848@N05\/albums\/72157667151151004\" title=\"Semana Educaci\u00f3n Art\u00edstica\"><img loading=\"lazy\" decoding=\"async\" src=\"https:\/\/live.staticflickr.com\/7332\/27634979821_7a25d563b1.jpg\" alt=\"Semana Educaci\u00f3n Art\u00edstica\" width=\"500\" height=\"331\"><\/a><script async=\"\" src=\"\/\/embedr.flickr.com\/assets\/client-code.js\" charset=\"utf-8\"><\/script><\/center><\/p>\n<p>Si no pueden ver las im\u00e1genes en el recuadro de arriba, entrar <a href=\"https:\/\/www.flickr.com\/photos\/125208848@N05\/sets\/72157667151151004\/\" target=\"_blank\" rel=\"noopener noreferrer\">&lt;&lt; aqu\u00ed &gt;&gt;<\/a><\/p>\n","protected":false},"excerpt":{"rendered":"<p>Celebraci\u00f3n Semana de la Educaci\u00f3n Art\u00edstica. El d\u00eda Jueves 26 de Mayo de 2016 celebramos la semana de la educaci\u00f3n art\u00edstica en nuestra Comunidad Escolar, destacando la participaci\u00f3n de todos <a class=\"more-link\" href=\"https:\/\/www.escuela-ambrosio.cl\/portal\/celebracion-semana-de-la-educacion-artistica\/\">Continue Reading \u2192<\/a><\/p>\n","protected":false},"author":1,"featured_media":2846,"comment_status":"closed","ping_status":"closed","sticky":false,"template":"","format":"standard","meta":{"footnotes":""},"categories":[1],"tags":[],"class_list":["post-2845","post","type-post","status-publish","format-standard","has-post-thumbnail","hentry","category-sin-categoria"],"_links":{"self":[{"href":"https:\/\/www.escuela-ambrosio.cl\/portal\/wp-json\/wp\/v2\/posts\/2845","targetHints":{"allow":["GET"]}}],"collection":[{"href":"https:\/\/www.escuela-ambrosio.cl\/portal\/wp-json\/wp\/v2\/posts"}],"about":[{"href":"https:\/\/www.escuela-ambrosio.cl\/portal\/wp-json\/wp\/v2\/types\/post"}],"author":[{"embeddable":true,"href":"https:\/\/www.escuela-ambrosio.cl\/portal\/wp-json\/wp\/v2\/users\/1"}],"replies":[{"embeddable":true,"href":"https:\/\/www.escuela-ambrosio.cl\/portal\/wp-json\/wp\/v2\/comments?post=2845"}],"version-history":[{"count":4,"href":"https:\/\/www.escuela-ambrosio.cl\/portal\/wp-json\/wp\/v2\/posts\/2845\/revisions"}],"predecessor-version":[{"id":5988,"href":"https:\/\/www.escuela-ambrosio.cl\/portal\/wp-json\/wp\/v2\/posts\/2845\/revisions\/5988"}],"wp:featuredmedia":[{"embeddable":true,"href":"https:\/\/www.escuela-ambrosio.cl\/portal\/wp-json\/wp\/v2\/media\/2846"}],"wp:attachment":[{"href":"https:\/\/www.escuela-ambrosio.cl\/portal\/wp-json\/wp\/v2\/media?parent=2845"}],"wp:term":[{"taxonomy":"category","embeddable":true,"href":"https:\/\/www.escuela-ambrosio.cl\/portal\/wp-json\/wp\/v2\/categories?post=2845"},{"taxonomy":"post_tag","embeddable":true,"href":"https:\/\/www.escuela-ambrosio.cl\/portal\/wp-json\/wp\/v2\/tags?post=2845"}],"curies":[{"name":"wp","href":"https:\/\/api.w.org\/{rel}","templated":true}]}}