{"id":2904,"date":"2016-07-27T16:59:42","date_gmt":"2016-07-27T16:59:42","guid":{"rendered":"http:\/\/www.escuela-ambrosio.cl\/portal\/?p=2904"},"modified":"2020-08-03T18:55:23","modified_gmt":"2020-08-03T18:55:23","slug":"celebracion-we-tripantu-2016","status":"publish","type":"post","link":"https:\/\/www.escuela-ambrosio.cl\/portal\/celebracion-we-tripantu-2016\/","title":{"rendered":"Celebraci\u00f3n We Tripantu 2016"},"content":{"rendered":"<h2 style=\"text-align: center;\"><span style=\"color: #187bc9;\">Celebraci\u00f3n We Tripantu 2016.<\/span><\/h2>\n<p style=\"text-align: justify;\">El d\u00eda Jueves 23 de Junio de 2016, nuestra Escuela en conjunto con los Jardines Rayito de Esperanza, Divina Gabriela, Rayun y Andalue, realizaron actividades en conmemoraci\u00f3n del We Tripantu (a\u00f1o nuevo mapuche) en dependencias del Establecimiento.<\/p>\n<p style=\"text-align: justify;\">Asisteron&nbsp; a estas actividad diferentes autoridades y\/o invitados especiales tales como: Don Francisco Reyes (Jefe Provincial de Educaci\u00f3n), Don Gaspar Inostroza (Jefe Personal DEM), Don V\u00edctor N\u00fa\u00f1ez (Director de nuestra Escuela), Do\u00f1a Ema Fuentealba (Jefa UTP de nuestra Escuela), Do\u00f1a Lorena Bulnes (Coordinadora Pre-B\u00e1sica), Do\u00f1a Lucrecia Montero (Directora CESFAM Carlos Pinto), Do\u00f1a Mar\u00eda In\u00e9s Mu\u00f1oz (Coordinadora OPD), Do\u00f1a Mar\u00eda Ang\u00e9lica Guarda Inalef y Do\u00f1a Patricia Reuca (Miembros de la Comunidad Mapuche de Coronel).<\/p>\n<p style=\"text-align: justify;\">Finalmente, debemos destacar a la empresa Voltec Energ\u00eda, por donaci\u00f3n de \u00e1rbol nativo de canelo y maqui que quedar\u00e1n en futuro invernadero del establecimiento, con la finalidad de ser plantados cuando se concrete el proyecto de \u00e1reas verdes. Por otra parte&nbsp; el Centro Educacional Agroalimentario Los Mayos de Santa Barbara nos ha hecho entrega de un valioso tesoro, un \u00e1rbol nativo que los ni\u00f1os entregaron simb\u00f3licamente a cada establecimiento, con la finalidad de marcar el inicio de un nuevo ciclo en la naturaleza.<\/p>\n<h3 style=\"text-align: justify;\"><span style=\"color: #187bc9;\">Im\u00e1genes.<\/span><\/h3>\n<p><center><a data-flickr-embed=\"true\" href=\"https:\/\/www.flickr.com\/photos\/125208848@N05\/albums\/72157670860068901\" title=\"We Tripantu 2016\"><img loading=\"lazy\" decoding=\"async\" src=\"https:\/\/live.staticflickr.com\/8721\/28556235436_3da2405d9e.jpg\" alt=\"We Tripantu 2016\" width=\"500\" height=\"331\"><\/a><script async=\"\" src=\"\/\/embedr.flickr.com\/assets\/client-code.js\" charset=\"utf-8\"><\/script><\/center><\/p>\n<p>Si no pueden ver las im\u00e1genes en el recuadro de arriba, entrar <a href=\"https:\/\/www.flickr.com\/photos\/125208848@N05\/sets\/72157670860068901\/\" target=\"_blank\" rel=\"noopener noreferrer\">&lt;&lt; aqu\u00ed &gt;&gt;<\/a><\/p>\n","protected":false},"excerpt":{"rendered":"<p>Celebraci\u00f3n We Tripantu 2016. El d\u00eda Jueves 23 de Junio de 2016, nuestra Escuela en conjunto con los Jardines Rayito de Esperanza, Divina Gabriela, Rayun y Andalue, realizaron actividades en <a class=\"more-link\" href=\"https:\/\/www.escuela-ambrosio.cl\/portal\/celebracion-we-tripantu-2016\/\">Continue Reading \u2192<\/a><\/p>\n","protected":false},"author":1,"featured_media":2905,"comment_status":"closed","ping_status":"closed","sticky":false,"template":"","format":"standard","meta":{"footnotes":""},"categories":[1],"tags":[],"class_list":["post-2904","post","type-post","status-publish","format-standard","has-post-thumbnail","hentry","category-sin-categoria"],"_links":{"self":[{"href":"https:\/\/www.escuela-ambrosio.cl\/portal\/wp-json\/wp\/v2\/posts\/2904","targetHints":{"allow":["GET"]}}],"collection":[{"href":"https:\/\/www.escuela-ambrosio.cl\/portal\/wp-json\/wp\/v2\/posts"}],"about":[{"href":"https:\/\/www.escuela-ambrosio.cl\/portal\/wp-json\/wp\/v2\/types\/post"}],"author":[{"embeddable":true,"href":"https:\/\/www.escuela-ambrosio.cl\/portal\/wp-json\/wp\/v2\/users\/1"}],"replies":[{"embeddable":true,"href":"https:\/\/www.escuela-ambrosio.cl\/portal\/wp-json\/wp\/v2\/comments?post=2904"}],"version-history":[{"count":4,"href":"https:\/\/www.escuela-ambrosio.cl\/portal\/wp-json\/wp\/v2\/posts\/2904\/revisions"}],"predecessor-version":[{"id":5982,"href":"https:\/\/www.escuela-ambrosio.cl\/portal\/wp-json\/wp\/v2\/posts\/2904\/revisions\/5982"}],"wp:featuredmedia":[{"embeddable":true,"href":"https:\/\/www.escuela-ambrosio.cl\/portal\/wp-json\/wp\/v2\/media\/2905"}],"wp:attachment":[{"href":"https:\/\/www.escuela-ambrosio.cl\/portal\/wp-json\/wp\/v2\/media?parent=2904"}],"wp:term":[{"taxonomy":"category","embeddable":true,"href":"https:\/\/www.escuela-ambrosio.cl\/portal\/wp-json\/wp\/v2\/categories?post=2904"},{"taxonomy":"post_tag","embeddable":true,"href":"https:\/\/www.escuela-ambrosio.cl\/portal\/wp-json\/wp\/v2\/tags?post=2904"}],"curies":[{"name":"wp","href":"https:\/\/api.w.org\/{rel}","templated":true}]}}