{"id":2966,"date":"2016-09-07T12:17:15","date_gmt":"2016-09-07T12:17:15","guid":{"rendered":"http:\/\/www.escuela-ambrosio.cl\/portal\/?p=2966"},"modified":"2020-08-03T18:17:51","modified_gmt":"2020-08-03T18:17:51","slug":"final-un-canto-para-coronel-2016","status":"publish","type":"post","link":"https:\/\/www.escuela-ambrosio.cl\/portal\/final-un-canto-para-coronel-2016\/","title":{"rendered":"Final Un Canto Para Coronel 2016"},"content":{"rendered":"<h2 style=\"text-align: center;\"><span style=\"color: #187bc9;\">Final Un Canto Para Coronel 2016.<\/span><\/h2>\n<p style=\"text-align: justify;\">El d\u00eda Mi\u00e9rcoles 17 de Agosto de 2016, la t\u00eda Liliam Betancurt (secretaria) represent\u00f3 a nuestra Escuela en la Final de la Tercera Versi\u00f3n del Festival Un Canto Para Coronel, la que se llev\u00f3 a cabo en la Casa de la Cultura.<\/p>\n<p style=\"text-align: justify;\">En ese contexto, queremos agradecer a todos los que de una u otra forma estuvieron apoyando en las votaciones en facebook y a trav\u00e9s de los comentarios de buenos deseos.<\/p>\n<p style=\"text-align: justify;\">A continuaci\u00f3n algunas im\u00e1genes.<\/p>\n<p><center><a data-flickr-embed=\"true\" href=\"https:\/\/www.flickr.com\/photos\/125208848@N05\/albums\/72157672450705942\" title=\"Final Un Canto para Coronel\"><img loading=\"lazy\" decoding=\"async\" src=\"https:\/\/live.staticflickr.com\/8424\/29439076001_b6416b635b.jpg\" alt=\"Final Un Canto para Coronel\" width=\"500\" height=\"331\"><\/a><script async=\"\" src=\"\/\/embedr.flickr.com\/assets\/client-code.js\" charset=\"utf-8\"><\/script><\/center><\/p>\n<p>Si no pueden ver las im\u00e1genes en el recuadro de arriba, entrar <a href=\"https:\/\/www.flickr.com\/photos\/125208848@N05\/sets\/72157672450705942\/\" target=\"_blank\" rel=\"noopener noreferrer\">&lt;&lt; aqu\u00ed &gt;&gt;<\/a><\/p>\n","protected":false},"excerpt":{"rendered":"<p>Final Un Canto Para Coronel 2016. El d\u00eda Mi\u00e9rcoles 17 de Agosto de 2016, la t\u00eda Liliam Betancurt (secretaria) represent\u00f3 a nuestra Escuela en la Final de la Tercera Versi\u00f3n <a class=\"more-link\" href=\"https:\/\/www.escuela-ambrosio.cl\/portal\/final-un-canto-para-coronel-2016\/\">Continue Reading \u2192<\/a><\/p>\n","protected":false},"author":1,"featured_media":2967,"comment_status":"closed","ping_status":"closed","sticky":false,"template":"","format":"standard","meta":{"footnotes":""},"categories":[1],"tags":[],"class_list":["post-2966","post","type-post","status-publish","format-standard","has-post-thumbnail","hentry","category-sin-categoria"],"_links":{"self":[{"href":"https:\/\/www.escuela-ambrosio.cl\/portal\/wp-json\/wp\/v2\/posts\/2966","targetHints":{"allow":["GET"]}}],"collection":[{"href":"https:\/\/www.escuela-ambrosio.cl\/portal\/wp-json\/wp\/v2\/posts"}],"about":[{"href":"https:\/\/www.escuela-ambrosio.cl\/portal\/wp-json\/wp\/v2\/types\/post"}],"author":[{"embeddable":true,"href":"https:\/\/www.escuela-ambrosio.cl\/portal\/wp-json\/wp\/v2\/users\/1"}],"replies":[{"embeddable":true,"href":"https:\/\/www.escuela-ambrosio.cl\/portal\/wp-json\/wp\/v2\/comments?post=2966"}],"version-history":[{"count":3,"href":"https:\/\/www.escuela-ambrosio.cl\/portal\/wp-json\/wp\/v2\/posts\/2966\/revisions"}],"predecessor-version":[{"id":5968,"href":"https:\/\/www.escuela-ambrosio.cl\/portal\/wp-json\/wp\/v2\/posts\/2966\/revisions\/5968"}],"wp:featuredmedia":[{"embeddable":true,"href":"https:\/\/www.escuela-ambrosio.cl\/portal\/wp-json\/wp\/v2\/media\/2967"}],"wp:attachment":[{"href":"https:\/\/www.escuela-ambrosio.cl\/portal\/wp-json\/wp\/v2\/media?parent=2966"}],"wp:term":[{"taxonomy":"category","embeddable":true,"href":"https:\/\/www.escuela-ambrosio.cl\/portal\/wp-json\/wp\/v2\/categories?post=2966"},{"taxonomy":"post_tag","embeddable":true,"href":"https:\/\/www.escuela-ambrosio.cl\/portal\/wp-json\/wp\/v2\/tags?post=2966"}],"curies":[{"name":"wp","href":"https:\/\/api.w.org\/{rel}","templated":true}]}}