{"id":6727,"date":"2021-11-16T18:01:00","date_gmt":"2021-11-16T18:01:00","guid":{"rendered":"https:\/\/www.escuela-ambrosio.cl\/portal\/?p=6727"},"modified":"2022-01-04T18:05:16","modified_gmt":"2022-01-04T18:05:16","slug":"salida-pedagogica-laguna-quinenco","status":"publish","type":"post","link":"https:\/\/www.escuela-ambrosio.cl\/portal\/salida-pedagogica-laguna-quinenco\/","title":{"rendered":"Salida Pedag\u00f3gica (Laguna Qui\u00f1enco)"},"content":{"rendered":"<h2 style=\"text-align: center;\"><span style=\"color: #cc0000;\">Salida Pedag\u00f3gica (Laguna Qui\u00f1enco).<\/span><\/h2>\n<p style=\"text-align: justify;\">En el marco de la visita a la comuna de Coronel de la Comisi\u00f3n n\u00famero 5 de la Convenci\u00f3n Constitucional: Medioambiente, Derechos de la Naturaleza, Bienes  Naturales Comunes y Modelo Econ\u00f3mico. Se realiz\u00f3 una salida pedag\u00f3gica a la Laguna Qui\u00f1enco, donde se efectu\u00f3 una contextualizaci\u00f3n hist\u00f3rica y geogr\u00e1fica de la principal fuente de agua dulce de nuestra comuna, como tambi\u00e9n de la importancia del cuidado del medioambiente, con sus lagunas, lagos y humedales.<\/p>\n<p>Contamos con la participaci\u00f3n de la Directora DEM, Sra. Victoria Garc\u00eda Valencia y el encargado de Formaci\u00f3n Ciudadana Comunal Sr. Marcelo Medina Saez, como tambi\u00e9n de estudiantes, docentes, asistentes de la educaci\u00f3n y nuestra Directora Sra M\u00f3nica Toledo Reyes (martes 16 de noviembre de 2021).<\/p>\n<p><center><a data-flickr-embed=\"true\" href=\"https:\/\/www.flickr.com\/photos\/125208848@N05\/albums\/72177720295616065\" title=\"Salida Pedag\u00f3gica (Laguna Qui\u00f1enco)\"><img loading=\"lazy\" decoding=\"async\" src=\"https:\/\/live.staticflickr.com\/65535\/51788747981_117520c06c.jpg\" alt=\"Salida Pedag\u00f3gica (Laguna Qui\u00f1enco)\" width=\"500\" height=\"375\"><\/a><script async=\"\" src=\"\/\/embedr.flickr.com\/assets\/client-code.js\" charset=\"utf-8\"><\/script><\/center><\/p>\n<p>Si no pueden ver las im\u00e1genes en el recuadro de arriba, entrar <a href=\"https:\/\/www.flickr.com\/photos\/125208848@N05\/albums\/72177720295616065\" target=\"_blank\" rel=\"noopener noreferrer\">&lt;&lt; aqu\u00ed &gt;&gt;<\/a><\/p>\n","protected":false},"excerpt":{"rendered":"<p>Salida Pedag\u00f3gica (Laguna Qui\u00f1enco). En el marco de la visita a la comuna de Coronel de la Comisi\u00f3n n\u00famero 5 de la Convenci\u00f3n Constitucional: Medioambiente, Derechos de la Naturaleza, Bienes <a class=\"more-link\" href=\"https:\/\/www.escuela-ambrosio.cl\/portal\/salida-pedagogica-laguna-quinenco\/\">Continue Reading \u2192<\/a><\/p>\n","protected":false},"author":1,"featured_media":6728,"comment_status":"closed","ping_status":"closed","sticky":false,"template":"","format":"standard","meta":{"footnotes":""},"categories":[1],"tags":[],"class_list":["post-6727","post","type-post","status-publish","format-standard","has-post-thumbnail","hentry","category-sin-categoria"],"_links":{"self":[{"href":"https:\/\/www.escuela-ambrosio.cl\/portal\/wp-json\/wp\/v2\/posts\/6727","targetHints":{"allow":["GET"]}}],"collection":[{"href":"https:\/\/www.escuela-ambrosio.cl\/portal\/wp-json\/wp\/v2\/posts"}],"about":[{"href":"https:\/\/www.escuela-ambrosio.cl\/portal\/wp-json\/wp\/v2\/types\/post"}],"author":[{"embeddable":true,"href":"https:\/\/www.escuela-ambrosio.cl\/portal\/wp-json\/wp\/v2\/users\/1"}],"replies":[{"embeddable":true,"href":"https:\/\/www.escuela-ambrosio.cl\/portal\/wp-json\/wp\/v2\/comments?post=6727"}],"version-history":[{"count":1,"href":"https:\/\/www.escuela-ambrosio.cl\/portal\/wp-json\/wp\/v2\/posts\/6727\/revisions"}],"predecessor-version":[{"id":6729,"href":"https:\/\/www.escuela-ambrosio.cl\/portal\/wp-json\/wp\/v2\/posts\/6727\/revisions\/6729"}],"wp:featuredmedia":[{"embeddable":true,"href":"https:\/\/www.escuela-ambrosio.cl\/portal\/wp-json\/wp\/v2\/media\/6728"}],"wp:attachment":[{"href":"https:\/\/www.escuela-ambrosio.cl\/portal\/wp-json\/wp\/v2\/media?parent=6727"}],"wp:term":[{"taxonomy":"category","embeddable":true,"href":"https:\/\/www.escuela-ambrosio.cl\/portal\/wp-json\/wp\/v2\/categories?post=6727"},{"taxonomy":"post_tag","embeddable":true,"href":"https:\/\/www.escuela-ambrosio.cl\/portal\/wp-json\/wp\/v2\/tags?post=6727"}],"curies":[{"name":"wp","href":"https:\/\/api.w.org\/{rel}","templated":true}]}}