{"id":7047,"date":"2022-04-04T22:29:00","date_gmt":"2022-04-04T22:29:00","guid":{"rendered":"https:\/\/www.escuela-ambrosio.cl\/portal\/?p=7047"},"modified":"2022-07-26T22:31:31","modified_gmt":"2022-07-26T22:31:31","slug":"jornada-de-reencuentro-y-cuidado","status":"publish","type":"post","link":"https:\/\/www.escuela-ambrosio.cl\/portal\/jornada-de-reencuentro-y-cuidado\/","title":{"rendered":"Jornada de Reencuentro y Cuidado"},"content":{"rendered":"<h2 style=\"text-align: center;\"><span style=\"color: #cc0000;\">Jornada de Reencuentro y Cuidado.<\/span><\/h2>\n<p style=\"text-align: justify;\">Una exitosa Jornada de Reencuentro y Cuidado se realiz\u00f3 hoy en nuestra comunidad. Donde el di\u00e1logo de como estamos aprendiendo y ense\u00f1ando a convivir nos orienten para construir en forma conjunta espacios educativos m\u00e1s respetuosos, inclusivos, democr\u00e1ticos y favorecedores de la formaci\u00f3n integral.<br \/>\nAgradecemos la participaci\u00f3n de estudiantes, apoderados(as), profesores(as) y asistentes de la educaci\u00f3n.<\/p>\n<p><center><a data-flickr-embed=\"true\" href=\"https:\/\/www.flickr.com\/photos\/125208848@N05\/albums\/72177720300808439\" title=\"Jornada de Reencuentro\"><img loading=\"lazy\" decoding=\"async\" src=\"https:\/\/live.staticflickr.com\/65535\/52240643404_c796819857.jpg\" alt=\"Jornada de Reencuentro\" width=\"500\" height=\"375\"><\/a><script async=\"\" src=\"\/\/embedr.flickr.com\/assets\/client-code.js\" charset=\"utf-8\"><\/script><\/center><\/p>\n<p>Si no pueden ver las im\u00e1genes en el recuadro de arriba, entrar <a href=\"https:\/\/www.flickr.com\/photos\/125208848@N05\/albums\/72177720300808439\" target=\"_blank\" rel=\"noopener noreferrer\">&lt;&lt; aqu\u00ed &gt;&gt;<\/a><\/p>\n","protected":false},"excerpt":{"rendered":"<p>Jornada de Reencuentro y Cuidado. Una exitosa Jornada de Reencuentro y Cuidado se realiz\u00f3 hoy en nuestra comunidad. Donde el di\u00e1logo de como estamos aprendiendo y ense\u00f1ando a convivir nos <a class=\"more-link\" href=\"https:\/\/www.escuela-ambrosio.cl\/portal\/jornada-de-reencuentro-y-cuidado\/\">Continue Reading \u2192<\/a><\/p>\n","protected":false},"author":1,"featured_media":7048,"comment_status":"closed","ping_status":"closed","sticky":false,"template":"","format":"standard","meta":{"footnotes":""},"categories":[1],"tags":[],"class_list":["post-7047","post","type-post","status-publish","format-standard","has-post-thumbnail","hentry","category-sin-categoria"],"_links":{"self":[{"href":"https:\/\/www.escuela-ambrosio.cl\/portal\/wp-json\/wp\/v2\/posts\/7047","targetHints":{"allow":["GET"]}}],"collection":[{"href":"https:\/\/www.escuela-ambrosio.cl\/portal\/wp-json\/wp\/v2\/posts"}],"about":[{"href":"https:\/\/www.escuela-ambrosio.cl\/portal\/wp-json\/wp\/v2\/types\/post"}],"author":[{"embeddable":true,"href":"https:\/\/www.escuela-ambrosio.cl\/portal\/wp-json\/wp\/v2\/users\/1"}],"replies":[{"embeddable":true,"href":"https:\/\/www.escuela-ambrosio.cl\/portal\/wp-json\/wp\/v2\/comments?post=7047"}],"version-history":[{"count":2,"href":"https:\/\/www.escuela-ambrosio.cl\/portal\/wp-json\/wp\/v2\/posts\/7047\/revisions"}],"predecessor-version":[{"id":7279,"href":"https:\/\/www.escuela-ambrosio.cl\/portal\/wp-json\/wp\/v2\/posts\/7047\/revisions\/7279"}],"wp:featuredmedia":[{"embeddable":true,"href":"https:\/\/www.escuela-ambrosio.cl\/portal\/wp-json\/wp\/v2\/media\/7048"}],"wp:attachment":[{"href":"https:\/\/www.escuela-ambrosio.cl\/portal\/wp-json\/wp\/v2\/media?parent=7047"}],"wp:term":[{"taxonomy":"category","embeddable":true,"href":"https:\/\/www.escuela-ambrosio.cl\/portal\/wp-json\/wp\/v2\/categories?post=7047"},{"taxonomy":"post_tag","embeddable":true,"href":"https:\/\/www.escuela-ambrosio.cl\/portal\/wp-json\/wp\/v2\/tags?post=7047"}],"curies":[{"name":"wp","href":"https:\/\/api.w.org\/{rel}","templated":true}]}}