{"id":7167,"date":"2022-06-07T22:30:00","date_gmt":"2022-06-07T22:30:00","guid":{"rendered":"https:\/\/www.escuela-ambrosio.cl\/portal\/?p=7167"},"modified":"2022-08-25T22:50:28","modified_gmt":"2022-08-25T22:50:28","slug":"cuenta-publica-2021","status":"publish","type":"post","link":"https:\/\/www.escuela-ambrosio.cl\/portal\/cuenta-publica-2021\/","title":{"rendered":"Cuenta P\u00fablica 2021"},"content":{"rendered":"<h2 style=\"text-align: center;\"><span style=\"color: #cc0000;\">Cuenta P\u00fablica 2021.<\/span><\/h2>\n<p style=\"text-align: justify;\">Durante la jornada del lunes 06 de junio de 2022 en el consejo escolar que conto con la participaci\u00f3n de los diferentes estamentos que se encuentran representados, adem\u00e1s de la participaci\u00f3n del presidente de la junta de vecinos y fundaci\u00f3n de Las Familias, nuestra Directora Sra. Monica Toledo Reyes entreg\u00f3 la Cuenta P\u00fablica a\u00f1o 2021, la cual es un instrumento que permite a los organismos p\u00fablicos transparentar sus procesos internos con la comunidad.<\/p>\n<p><strong>Documento.<\/strong><\/p>\n<ul>\n<li style=\"text-align: justify;\"><a href=\"https:\/\/www.escuela-ambrosio.cl\/portal\/wp-content\/uploads\/Cuenta-Publica-2021FINAL.pdf\" target=\"_blank\" rel=\"noopener\">Presentaci\u00f3n<\/a><\/li>\n<\/ul>\n","protected":false},"excerpt":{"rendered":"<p>Cuenta P\u00fablica 2021. Durante la jornada del lunes 06 de junio de 2022 en el consejo escolar que conto con la participaci\u00f3n de los diferentes estamentos que se encuentran representados, <a class=\"more-link\" href=\"https:\/\/www.escuela-ambrosio.cl\/portal\/cuenta-publica-2021\/\">Continue Reading \u2192<\/a><\/p>\n","protected":false},"author":1,"featured_media":7168,"comment_status":"closed","ping_status":"closed","sticky":false,"template":"","format":"standard","meta":{"footnotes":""},"categories":[1],"tags":[],"class_list":["post-7167","post","type-post","status-publish","format-standard","has-post-thumbnail","hentry","category-sin-categoria"],"_links":{"self":[{"href":"https:\/\/www.escuela-ambrosio.cl\/portal\/wp-json\/wp\/v2\/posts\/7167","targetHints":{"allow":["GET"]}}],"collection":[{"href":"https:\/\/www.escuela-ambrosio.cl\/portal\/wp-json\/wp\/v2\/posts"}],"about":[{"href":"https:\/\/www.escuela-ambrosio.cl\/portal\/wp-json\/wp\/v2\/types\/post"}],"author":[{"embeddable":true,"href":"https:\/\/www.escuela-ambrosio.cl\/portal\/wp-json\/wp\/v2\/users\/1"}],"replies":[{"embeddable":true,"href":"https:\/\/www.escuela-ambrosio.cl\/portal\/wp-json\/wp\/v2\/comments?post=7167"}],"version-history":[{"count":2,"href":"https:\/\/www.escuela-ambrosio.cl\/portal\/wp-json\/wp\/v2\/posts\/7167\/revisions"}],"predecessor-version":[{"id":7171,"href":"https:\/\/www.escuela-ambrosio.cl\/portal\/wp-json\/wp\/v2\/posts\/7167\/revisions\/7171"}],"wp:featuredmedia":[{"embeddable":true,"href":"https:\/\/www.escuela-ambrosio.cl\/portal\/wp-json\/wp\/v2\/media\/7168"}],"wp:attachment":[{"href":"https:\/\/www.escuela-ambrosio.cl\/portal\/wp-json\/wp\/v2\/media?parent=7167"}],"wp:term":[{"taxonomy":"category","embeddable":true,"href":"https:\/\/www.escuela-ambrosio.cl\/portal\/wp-json\/wp\/v2\/categories?post=7167"},{"taxonomy":"post_tag","embeddable":true,"href":"https:\/\/www.escuela-ambrosio.cl\/portal\/wp-json\/wp\/v2\/tags?post=7167"}],"curies":[{"name":"wp","href":"https:\/\/api.w.org\/{rel}","templated":true}]}}